{"id":3528,"date":"2015-03-05T12:01:07","date_gmt":"2015-03-05T10:01:07","guid":{"rendered":"http:\/\/sydologie.com\/?p=3528"},"modified":"2016-04-26T17:11:01","modified_gmt":"2016-04-26T15:11:01","slug":"premiere-video-sydospeech-en-ligne","status":"publish","type":"post","link":"https:\/\/sydo.fr\/sydologie\/2015\/03\/premiere-video-sydospeech-en-ligne\/","title":{"rendered":"La premi\u00e8re vid\u00e9o Sydospeech est en ligne !"},"content":{"rendered":"<p><strong>Nous avons pr\u00e9f\u00e9r\u00e9 attendre la fin des Oscars et des C\u00e9sars pour \u00e9viter de faire planer une menace inutile sur le cin\u00e9ma international mais sachez, Mesdames et Messieurs, que votre patience n\u2019a pas \u00e9t\u00e9 vaine\u00a0!\u00a0<\/strong><strong>En effet, vous avez d\u00e8s \u00e0 pr\u00e9sent la possibilit\u00e9 de d\u00e9couvrir ou red\u00e9couvrir la prestation de St\u00e9phane C\u00f4t\u00e9 lors du <a title=\"http:\/\/sydospeech.com\/\" href=\"http:\/\/sydospeech.com\/\" target=\"_blank\">Sydospeech<\/a> du 28 janvier dernier\u00a0!<\/strong><\/p>\n<p>&nbsp;<\/p>\n<p><iframe loading=\"lazy\" src=\"https:\/\/www.youtube.com\/embed\/Bql39kze--Q\" width=\"560\" height=\"315\" frameborder=\"0\" allowfullscreen=\"allowfullscreen\"><\/iframe><\/p>\n<p>Pendant 20 minutes, St\u00e9phane nous a parl\u00e9 de sa m\u00e9thode appel\u00e9e <a title=\"pedagogie 3.0\" href=\"http:\/\/sydologie.com\/2014\/01\/une-nouvelle-methode-denseignement-la-pedagogie-3-0\/\" target=\"_blank\">\u00ab\u00a0p\u00e9dagogie 3.0\u00a0\u00bb<\/a> et notamment de\u00a0la mani\u00e8re d\u2019engendrer des progr\u00e8s mesurables. En effet, la plupart du temps, les r\u00e9sultats obtenus lors des examens ne permettent pas de mesurer r\u00e9ellement les progr\u00e8s d\u2019un \u00e9l\u00e8ve sur la dur\u00e9e.<\/p>\n<p>La m\u00e9thode de St\u00e9phane, applicable chez les enfants comme chez les adultes, est bas\u00e9e sur ce constat. Elle permet \u00e9galement \u00e0 l\u2019\u00e9l\u00e8ve de prendre conscience de l\u2019ensemble de sa progression. En utilisant des techniques de <a title=\"gamification\" href=\"http:\/\/sydologie.com\/2014\/08\/gamifier-sa-formation\/\" target=\"_blank\">gamification<\/a> ou de <a title=\"storytelling\" href=\"http:\/\/sydologie.com\/2014\/01\/utiliser-le-storytelling-en-formation\/\" target=\"_blank\">storytelling<\/a>, St\u00e9phane parvient ainsi \u00e0 motiver ses \u00e9l\u00e8ves et \u00e0 en faire des acteurs de leur propre r\u00e9ussite.<\/p>\n","protected":false},"excerpt":{"rendered":"Nous avons pr\u00e9f\u00e9r\u00e9 attendre la fin des Oscars et des C\u00e9sars pour \u00e9viter de faire planer une menace inutile sur le cin\u00e9ma international mais sachez, Mesdames et Messieurs, que votre patience n\u2019a pas \u00e9t\u00e9 vaine\u00a0!\u00a0En effet, vous avez d\u00e8s \u00e0 pr\u00e9sent la possibilit\u00e9 de d\u00e9couvrir ou red\u00e9couvrir la prestation de St\u00e9phane C\u00f4t\u00e9 lors du Sydospeech&#8230; <a class=\"view-article\" href=\"https:\/\/sydo.fr\/sydologie\/2015\/03\/premiere-video-sydospeech-en-ligne\/\">Voir l&rsquo;article<\/a>","protected":false},"author":3,"featured_media":3529,"comment_status":"open","ping_status":"open","sticky":false,"template":"","format":"standard","meta":{"rop_custom_images_group":[],"rop_custom_messages_group":[],"rop_publish_now":"initial","rop_publish_now_accounts":[],"rop_publish_now_history":[],"rop_publish_now_status":"pending","_jetpack_newsletter_access":"","_jetpack_dont_email_post_to_subs":false,"_jetpack_newsletter_tier_id":0,"_jetpack_memberships_contains_paywalled_content":false,"_jetpack_feature_clip_id":0,"_jetpack_memberships_contains_paid_content":false,"footnotes":"","jetpack_post_was_ever_published":false},"categories":[2],"tags":[883,1092,1114],"class_list":["post-3528","post","type-post","status-publish","format-standard","has-post-thumbnail","hentry","category-le-mag","tag-pedagogie-3-0","tag-stephane-cote","tag-sydospeech"],"yoast_head":"<!-- This site is optimized with the Yoast SEO plugin v28.1 - https:\/\/yoast.com\/product\/yoast-seo-wordpress\/ -->\n<title>La premi\u00e8re vid\u00e9o Sydospeech est en ligne ! - Sydologie<\/title>\n<meta name=\"robots\" content=\"index, follow, max-snippet:-1, max-image-preview:large, max-video-preview:-1\" \/>\n<link rel=\"canonical\" href=\"https:\/\/sydo.fr\/sydologie\/2015\/03\/premiere-video-sydospeech-en-ligne\/\" \/>\n<meta property=\"og:locale\" content=\"fr_FR\" \/>\n<meta property=\"og:type\" content=\"article\" \/>\n<meta property=\"og:title\" content=\"La premi\u00e8re vid\u00e9o Sydospeech est en ligne ! - Sydologie\" \/>\n<meta property=\"og:description\" content=\"Nous avons pr\u00e9f\u00e9r\u00e9 attendre la fin des Oscars et des C\u00e9sars pour \u00e9viter de faire planer une menace inutile sur le cin\u00e9ma international mais sachez, Mesdames et Messieurs, que votre patience n\u2019a pas \u00e9t\u00e9 vaine\u00a0!\u00a0En effet, vous avez d\u00e8s \u00e0 pr\u00e9sent la possibilit\u00e9 de d\u00e9couvrir ou red\u00e9couvrir la prestation de St\u00e9phane C\u00f4t\u00e9 lors du Sydospeech... Voir l&#039;article\" \/>\n<meta property=\"og:url\" content=\"https:\/\/sydo.fr\/sydologie\/2015\/03\/premiere-video-sydospeech-en-ligne\/\" \/>\n<meta property=\"og:site_name\" content=\"Sydologie\" \/>\n<meta property=\"article:publisher\" content=\"https:\/\/www.facebook.com\/sydologie\" \/>\n<meta property=\"article:author\" content=\"https:\/\/www.facebook.com\/Sydologie\" \/>\n<meta property=\"article:published_time\" content=\"2015-03-05T10:01:07+00:00\" \/>\n<meta property=\"article:modified_time\" content=\"2016-04-26T15:11:01+00:00\" \/>\n<meta property=\"og:image\" content=\"https:\/\/i0.wp.com\/sydo.fr\/sydologie\/wp-content\/uploads\/2015\/03\/sydospeech-stephane-cote.png?fit=955%2C535&ssl=1\" \/>\n\t<meta property=\"og:image:width\" content=\"955\" \/>\n\t<meta property=\"og:image:height\" content=\"535\" \/>\n\t<meta property=\"og:image:type\" content=\"image\/png\" \/>\n<meta name=\"author\" content=\"Les Sydologues\" \/>\n<meta name=\"twitter:label1\" content=\"\u00c9crit par\" \/>\n\t<meta name=\"twitter:data1\" content=\"Les Sydologues\" \/>\n\t<meta name=\"twitter:label2\" content=\"Dur\u00e9e de lecture estim\u00e9e\" \/>\n\t<meta name=\"twitter:data2\" content=\"1 minute\" \/>\n<script type=\"application\/ld+json\" class=\"yoast-schema-graph\">{\"@context\":\"https:\\\/\\\/schema.org\",\"@graph\":[{\"@type\":\"Article\",\"@id\":\"https:\\\/\\\/sydo.fr\\\/sydologie\\\/2015\\\/03\\\/premiere-video-sydospeech-en-ligne\\\/#article\",\"isPartOf\":{\"@id\":\"https:\\\/\\\/sydo.fr\\\/sydologie\\\/2015\\\/03\\\/premiere-video-sydospeech-en-ligne\\\/\"},\"author\":{\"name\":\"Les Sydologues\",\"@id\":\"https:\\\/\\\/sydo.fr\\\/sydologie\\\/#\\\/schema\\\/person\\\/27ac2359967de57a3606f4813e724121\"},\"headline\":\"La premi\u00e8re vid\u00e9o Sydospeech est en ligne !\",\"datePublished\":\"2015-03-05T10:01:07+00:00\",\"dateModified\":\"2016-04-26T15:11:01+00:00\",\"mainEntityOfPage\":{\"@id\":\"https:\\\/\\\/sydo.fr\\\/sydologie\\\/2015\\\/03\\\/premiere-video-sydospeech-en-ligne\\\/\"},\"wordCount\":199,\"commentCount\":0,\"publisher\":{\"@id\":\"https:\\\/\\\/sydo.fr\\\/sydologie\\\/#organization\"},\"image\":{\"@id\":\"https:\\\/\\\/sydo.fr\\\/sydologie\\\/2015\\\/03\\\/premiere-video-sydospeech-en-ligne\\\/#primaryimage\"},\"thumbnailUrl\":\"https:\\\/\\\/i0.wp.com\\\/sydo.fr\\\/sydologie\\\/wp-content\\\/uploads\\\/2015\\\/03\\\/sydospeech-stephane-cote.png?fit=955%2C535&ssl=1\",\"keywords\":[\"p\u00e9dagogie 3.0\",\"St\u00e9phane Cote\",\"sydospeech\"],\"articleSection\":[\"Le Mag'\"],\"inLanguage\":\"fr-FR\",\"potentialAction\":[{\"@type\":\"CommentAction\",\"name\":\"Comment\",\"target\":[\"https:\\\/\\\/sydo.fr\\\/sydologie\\\/2015\\\/03\\\/premiere-video-sydospeech-en-ligne\\\/#respond\"]}]},{\"@type\":\"WebPage\",\"@id\":\"https:\\\/\\\/sydo.fr\\\/sydologie\\\/2015\\\/03\\\/premiere-video-sydospeech-en-ligne\\\/\",\"url\":\"https:\\\/\\\/sydo.fr\\\/sydologie\\\/2015\\\/03\\\/premiere-video-sydospeech-en-ligne\\\/\",\"name\":\"La premi\u00e8re vid\u00e9o Sydospeech est en ligne ! - Sydologie\",\"isPartOf\":{\"@id\":\"https:\\\/\\\/sydo.fr\\\/sydologie\\\/#website\"},\"primaryImageOfPage\":{\"@id\":\"https:\\\/\\\/sydo.fr\\\/sydologie\\\/2015\\\/03\\\/premiere-video-sydospeech-en-ligne\\\/#primaryimage\"},\"image\":{\"@id\":\"https:\\\/\\\/sydo.fr\\\/sydologie\\\/2015\\\/03\\\/premiere-video-sydospeech-en-ligne\\\/#primaryimage\"},\"thumbnailUrl\":\"https:\\\/\\\/i0.wp.com\\\/sydo.fr\\\/sydologie\\\/wp-content\\\/uploads\\\/2015\\\/03\\\/sydospeech-stephane-cote.png?fit=955%2C535&ssl=1\",\"datePublished\":\"2015-03-05T10:01:07+00:00\",\"dateModified\":\"2016-04-26T15:11:01+00:00\",\"breadcrumb\":{\"@id\":\"https:\\\/\\\/sydo.fr\\\/sydologie\\\/2015\\\/03\\\/premiere-video-sydospeech-en-ligne\\\/#breadcrumb\"},\"inLanguage\":\"fr-FR\",\"potentialAction\":[{\"@type\":\"ReadAction\",\"target\":[\"https:\\\/\\\/sydo.fr\\\/sydologie\\\/2015\\\/03\\\/premiere-video-sydospeech-en-ligne\\\/\"]}]},{\"@type\":\"ImageObject\",\"inLanguage\":\"fr-FR\",\"@id\":\"https:\\\/\\\/sydo.fr\\\/sydologie\\\/2015\\\/03\\\/premiere-video-sydospeech-en-ligne\\\/#primaryimage\",\"url\":\"https:\\\/\\\/i0.wp.com\\\/sydo.fr\\\/sydologie\\\/wp-content\\\/uploads\\\/2015\\\/03\\\/sydospeech-stephane-cote.png?fit=955%2C535&ssl=1\",\"contentUrl\":\"https:\\\/\\\/i0.wp.com\\\/sydo.fr\\\/sydologie\\\/wp-content\\\/uploads\\\/2015\\\/03\\\/sydospeech-stephane-cote.png?fit=955%2C535&ssl=1\",\"width\":955,\"height\":535},{\"@type\":\"BreadcrumbList\",\"@id\":\"https:\\\/\\\/sydo.fr\\\/sydologie\\\/2015\\\/03\\\/premiere-video-sydospeech-en-ligne\\\/#breadcrumb\",\"itemListElement\":[{\"@type\":\"ListItem\",\"position\":1,\"name\":\"\u00a0\",\"item\":\"https:\\\/\\\/sydo.fr\\\/sydologie\\\/\"},{\"@type\":\"ListItem\",\"position\":2,\"name\":\"Le Mag'\",\"item\":\"https:\\\/\\\/sydo.fr\\\/sydologie\\\/le-mag\\\/\"},{\"@type\":\"ListItem\",\"position\":3,\"name\":\"La premi\u00e8re vid\u00e9o Sydospeech est en ligne !\"}]},{\"@type\":\"WebSite\",\"@id\":\"https:\\\/\\\/sydo.fr\\\/sydologie\\\/#website\",\"url\":\"https:\\\/\\\/sydo.fr\\\/sydologie\\\/\",\"name\":\"Sydologie\",\"description\":\"Le magazine de l&#039;innovation p\u00e9dagogique\",\"publisher\":{\"@id\":\"https:\\\/\\\/sydo.fr\\\/sydologie\\\/#organization\"},\"potentialAction\":[{\"@type\":\"SearchAction\",\"target\":{\"@type\":\"EntryPoint\",\"urlTemplate\":\"https:\\\/\\\/sydo.fr\\\/sydologie\\\/?s={search_term_string}\"},\"query-input\":{\"@type\":\"PropertyValueSpecification\",\"valueRequired\":true,\"valueName\":\"search_term_string\"}}],\"inLanguage\":\"fr-FR\"},{\"@type\":\"Organization\",\"@id\":\"https:\\\/\\\/sydo.fr\\\/sydologie\\\/#organization\",\"name\":\"Sydologie\",\"url\":\"https:\\\/\\\/sydo.fr\\\/sydologie\\\/\",\"logo\":{\"@type\":\"ImageObject\",\"inLanguage\":\"fr-FR\",\"@id\":\"https:\\\/\\\/sydo.fr\\\/sydologie\\\/#\\\/schema\\\/logo\\\/image\\\/\",\"url\":\"https:\\\/\\\/i0.wp.com\\\/sydologie.com\\\/wp-content\\\/uploads\\\/2022\\\/11\\\/logo.gif?fit=2560%2C640&ssl=1\",\"contentUrl\":\"https:\\\/\\\/i0.wp.com\\\/sydologie.com\\\/wp-content\\\/uploads\\\/2022\\\/11\\\/logo.gif?fit=2560%2C640&ssl=1\",\"width\":2560,\"height\":640,\"caption\":\"Sydologie\"},\"image\":{\"@id\":\"https:\\\/\\\/sydo.fr\\\/sydologie\\\/#\\\/schema\\\/logo\\\/image\\\/\"},\"sameAs\":[\"https:\\\/\\\/www.facebook.com\\\/sydologie\",\"https:\\\/\\\/x.com\\\/sydologie\",\"https:\\\/\\\/www.linkedin.com\\\/company\\\/sydo\\\/\",\"https:\\\/\\\/www.wikidata.org\\\/wiki\\\/Q140090167\"],\"description\":\"Magazine des formateurs et ing\u00e9nieurs p\u00e9dagogiques, \u00e9dit\u00e9 par Sydo depuis 2013.\",\"foundingDate\":\"2013\",\"publishingPrinciples\":\"https:\\\/\\\/sydologie.com\\\/a-propos\\\/\",\"parentOrganization\":{\"@type\":\"Organization\",\"name\":\"Sydo\",\"url\":\"https:\\\/\\\/sydo.fr\\\/\",\"sameAs\":\"https:\\\/\\\/www.wikidata.org\\\/wiki\\\/Q139912915\"}},{\"@type\":\"Person\",\"@id\":\"https:\\\/\\\/sydo.fr\\\/sydologie\\\/#\\\/schema\\\/person\\\/27ac2359967de57a3606f4813e724121\",\"name\":\"Les Sydologues\",\"image\":{\"@type\":\"ImageObject\",\"inLanguage\":\"fr-FR\",\"@id\":\"https:\\\/\\\/secure.gravatar.com\\\/avatar\\\/db1acd9a029d5a6ff15e76d437210eea0cf15fc1eda948d5f169a64ef8dd9889?s=96&d=mm&r=g\",\"url\":\"https:\\\/\\\/secure.gravatar.com\\\/avatar\\\/db1acd9a029d5a6ff15e76d437210eea0cf15fc1eda948d5f169a64ef8dd9889?s=96&d=mm&r=g\",\"contentUrl\":\"https:\\\/\\\/secure.gravatar.com\\\/avatar\\\/db1acd9a029d5a6ff15e76d437210eea0cf15fc1eda948d5f169a64ef8dd9889?s=96&d=mm&r=g\",\"caption\":\"Les Sydologues\"},\"description\":\"Tout le monde peut apprendre si on lui donne les moyens et les outils adapt\u00e9s ! Mais encore faut-il conna\u00eetre et ma\u00eetriser ces outils... Nous avons voulu partager nos exp\u00e9riences, nos recherches et nos essais. En cr\u00e9ant sydologie.com, nous esp\u00e9rons aider les formateurs et enseignants \u00e0 trouver des solutions pour cr\u00e9er des formations plus efficaces !\",\"sameAs\":[\"https:\\\/\\\/www.facebook.com\\\/Sydologie\",\"https:\\\/\\\/x.com\\\/sydologie\"]}]}<\/script>\n<!-- \/ Yoast SEO plugin. -->","yoast_head_json":{"title":"La premi\u00e8re vid\u00e9o Sydospeech est en ligne ! - Sydologie","robots":{"index":"index","follow":"follow","max-snippet":"max-snippet:-1","max-image-preview":"max-image-preview:large","max-video-preview":"max-video-preview:-1"},"canonical":"https:\/\/sydo.fr\/sydologie\/2015\/03\/premiere-video-sydospeech-en-ligne\/","og_locale":"fr_FR","og_type":"article","og_title":"La premi\u00e8re vid\u00e9o Sydospeech est en ligne ! - Sydologie","og_description":"Nous avons pr\u00e9f\u00e9r\u00e9 attendre la fin des Oscars et des C\u00e9sars pour \u00e9viter de faire planer une menace inutile sur le cin\u00e9ma international mais sachez, Mesdames et Messieurs, que votre patience n\u2019a pas \u00e9t\u00e9 vaine\u00a0!\u00a0En effet, vous avez d\u00e8s \u00e0 pr\u00e9sent la possibilit\u00e9 de d\u00e9couvrir ou red\u00e9couvrir la prestation de St\u00e9phane C\u00f4t\u00e9 lors du Sydospeech... Voir l'article","og_url":"https:\/\/sydo.fr\/sydologie\/2015\/03\/premiere-video-sydospeech-en-ligne\/","og_site_name":"Sydologie","article_publisher":"https:\/\/www.facebook.com\/sydologie","article_author":"https:\/\/www.facebook.com\/Sydologie","article_published_time":"2015-03-05T10:01:07+00:00","article_modified_time":"2016-04-26T15:11:01+00:00","og_image":[{"width":955,"height":535,"url":"https:\/\/i0.wp.com\/sydo.fr\/sydologie\/wp-content\/uploads\/2015\/03\/sydospeech-stephane-cote.png?fit=955%2C535&ssl=1","type":"image\/png"}],"author":"Les Sydologues","twitter_misc":{"\u00c9crit par":"Les Sydologues","Dur\u00e9e de lecture estim\u00e9e":"1 minute"},"schema":{"@context":"https:\/\/schema.org","@graph":[{"@type":"Article","@id":"https:\/\/sydo.fr\/sydologie\/2015\/03\/premiere-video-sydospeech-en-ligne\/#article","isPartOf":{"@id":"https:\/\/sydo.fr\/sydologie\/2015\/03\/premiere-video-sydospeech-en-ligne\/"},"author":{"name":"Les Sydologues","@id":"https:\/\/sydo.fr\/sydologie\/#\/schema\/person\/27ac2359967de57a3606f4813e724121"},"headline":"La premi\u00e8re vid\u00e9o Sydospeech est en ligne !","datePublished":"2015-03-05T10:01:07+00:00","dateModified":"2016-04-26T15:11:01+00:00","mainEntityOfPage":{"@id":"https:\/\/sydo.fr\/sydologie\/2015\/03\/premiere-video-sydospeech-en-ligne\/"},"wordCount":199,"commentCount":0,"publisher":{"@id":"https:\/\/sydo.fr\/sydologie\/#organization"},"image":{"@id":"https:\/\/sydo.fr\/sydologie\/2015\/03\/premiere-video-sydospeech-en-ligne\/#primaryimage"},"thumbnailUrl":"https:\/\/i0.wp.com\/sydo.fr\/sydologie\/wp-content\/uploads\/2015\/03\/sydospeech-stephane-cote.png?fit=955%2C535&ssl=1","keywords":["p\u00e9dagogie 3.0","St\u00e9phane Cote","sydospeech"],"articleSection":["Le Mag'"],"inLanguage":"fr-FR","potentialAction":[{"@type":"CommentAction","name":"Comment","target":["https:\/\/sydo.fr\/sydologie\/2015\/03\/premiere-video-sydospeech-en-ligne\/#respond"]}]},{"@type":"WebPage","@id":"https:\/\/sydo.fr\/sydologie\/2015\/03\/premiere-video-sydospeech-en-ligne\/","url":"https:\/\/sydo.fr\/sydologie\/2015\/03\/premiere-video-sydospeech-en-ligne\/","name":"La premi\u00e8re vid\u00e9o Sydospeech est en ligne ! - Sydologie","isPartOf":{"@id":"https:\/\/sydo.fr\/sydologie\/#website"},"primaryImageOfPage":{"@id":"https:\/\/sydo.fr\/sydologie\/2015\/03\/premiere-video-sydospeech-en-ligne\/#primaryimage"},"image":{"@id":"https:\/\/sydo.fr\/sydologie\/2015\/03\/premiere-video-sydospeech-en-ligne\/#primaryimage"},"thumbnailUrl":"https:\/\/i0.wp.com\/sydo.fr\/sydologie\/wp-content\/uploads\/2015\/03\/sydospeech-stephane-cote.png?fit=955%2C535&ssl=1","datePublished":"2015-03-05T10:01:07+00:00","dateModified":"2016-04-26T15:11:01+00:00","breadcrumb":{"@id":"https:\/\/sydo.fr\/sydologie\/2015\/03\/premiere-video-sydospeech-en-ligne\/#breadcrumb"},"inLanguage":"fr-FR","potentialAction":[{"@type":"ReadAction","target":["https:\/\/sydo.fr\/sydologie\/2015\/03\/premiere-video-sydospeech-en-ligne\/"]}]},{"@type":"ImageObject","inLanguage":"fr-FR","@id":"https:\/\/sydo.fr\/sydologie\/2015\/03\/premiere-video-sydospeech-en-ligne\/#primaryimage","url":"https:\/\/i0.wp.com\/sydo.fr\/sydologie\/wp-content\/uploads\/2015\/03\/sydospeech-stephane-cote.png?fit=955%2C535&ssl=1","contentUrl":"https:\/\/i0.wp.com\/sydo.fr\/sydologie\/wp-content\/uploads\/2015\/03\/sydospeech-stephane-cote.png?fit=955%2C535&ssl=1","width":955,"height":535},{"@type":"BreadcrumbList","@id":"https:\/\/sydo.fr\/sydologie\/2015\/03\/premiere-video-sydospeech-en-ligne\/#breadcrumb","itemListElement":[{"@type":"ListItem","position":1,"name":"\u00a0","item":"https:\/\/sydo.fr\/sydologie\/"},{"@type":"ListItem","position":2,"name":"Le Mag'","item":"https:\/\/sydo.fr\/sydologie\/le-mag\/"},{"@type":"ListItem","position":3,"name":"La premi\u00e8re vid\u00e9o Sydospeech est en ligne !"}]},{"@type":"WebSite","@id":"https:\/\/sydo.fr\/sydologie\/#website","url":"https:\/\/sydo.fr\/sydologie\/","name":"Sydologie","description":"Le magazine de l&#039;innovation p\u00e9dagogique","publisher":{"@id":"https:\/\/sydo.fr\/sydologie\/#organization"},"potentialAction":[{"@type":"SearchAction","target":{"@type":"EntryPoint","urlTemplate":"https:\/\/sydo.fr\/sydologie\/?s={search_term_string}"},"query-input":{"@type":"PropertyValueSpecification","valueRequired":true,"valueName":"search_term_string"}}],"inLanguage":"fr-FR"},{"@type":"Organization","@id":"https:\/\/sydo.fr\/sydologie\/#organization","name":"Sydologie","url":"https:\/\/sydo.fr\/sydologie\/","logo":{"@type":"ImageObject","inLanguage":"fr-FR","@id":"https:\/\/sydo.fr\/sydologie\/#\/schema\/logo\/image\/","url":"https:\/\/i0.wp.com\/sydologie.com\/wp-content\/uploads\/2022\/11\/logo.gif?fit=2560%2C640&ssl=1","contentUrl":"https:\/\/i0.wp.com\/sydologie.com\/wp-content\/uploads\/2022\/11\/logo.gif?fit=2560%2C640&ssl=1","width":2560,"height":640,"caption":"Sydologie"},"image":{"@id":"https:\/\/sydo.fr\/sydologie\/#\/schema\/logo\/image\/"},"sameAs":["https:\/\/www.facebook.com\/sydologie","https:\/\/x.com\/sydologie","https:\/\/www.linkedin.com\/company\/sydo\/","https:\/\/www.wikidata.org\/wiki\/Q140090167"],"description":"Magazine des formateurs et ing\u00e9nieurs p\u00e9dagogiques, \u00e9dit\u00e9 par Sydo depuis 2013.","foundingDate":"2013","publishingPrinciples":"https:\/\/sydologie.com\/a-propos\/","parentOrganization":{"@type":"Organization","name":"Sydo","url":"https:\/\/sydo.fr\/","sameAs":"https:\/\/www.wikidata.org\/wiki\/Q139912915"}},{"@type":"Person","@id":"https:\/\/sydo.fr\/sydologie\/#\/schema\/person\/27ac2359967de57a3606f4813e724121","name":"Les Sydologues","image":{"@type":"ImageObject","inLanguage":"fr-FR","@id":"https:\/\/secure.gravatar.com\/avatar\/db1acd9a029d5a6ff15e76d437210eea0cf15fc1eda948d5f169a64ef8dd9889?s=96&d=mm&r=g","url":"https:\/\/secure.gravatar.com\/avatar\/db1acd9a029d5a6ff15e76d437210eea0cf15fc1eda948d5f169a64ef8dd9889?s=96&d=mm&r=g","contentUrl":"https:\/\/secure.gravatar.com\/avatar\/db1acd9a029d5a6ff15e76d437210eea0cf15fc1eda948d5f169a64ef8dd9889?s=96&d=mm&r=g","caption":"Les Sydologues"},"description":"Tout le monde peut apprendre si on lui donne les moyens et les outils adapt\u00e9s ! Mais encore faut-il conna\u00eetre et ma\u00eetriser ces outils... Nous avons voulu partager nos exp\u00e9riences, nos recherches et nos essais. En cr\u00e9ant sydologie.com, nous esp\u00e9rons aider les formateurs et enseignants \u00e0 trouver des solutions pour cr\u00e9er des formations plus efficaces !","sameAs":["https:\/\/www.facebook.com\/Sydologie","https:\/\/x.com\/sydologie"]}]}},"jetpack_featured_media_url":"https:\/\/i0.wp.com\/sydo.fr\/sydologie\/wp-content\/uploads\/2015\/03\/sydospeech-stephane-cote.png?fit=955%2C535&ssl=1","jetpack_sharing_enabled":true,"_links":{"self":[{"href":"https:\/\/sydo.fr\/sydologie\/wp-json\/wp\/v2\/posts\/3528","targetHints":{"allow":["GET"]}}],"collection":[{"href":"https:\/\/sydo.fr\/sydologie\/wp-json\/wp\/v2\/posts"}],"about":[{"href":"https:\/\/sydo.fr\/sydologie\/wp-json\/wp\/v2\/types\/post"}],"author":[{"embeddable":true,"href":"https:\/\/sydo.fr\/sydologie\/wp-json\/wp\/v2\/users\/3"}],"replies":[{"embeddable":true,"href":"https:\/\/sydo.fr\/sydologie\/wp-json\/wp\/v2\/comments?post=3528"}],"version-history":[{"count":1,"href":"https:\/\/sydo.fr\/sydologie\/wp-json\/wp\/v2\/posts\/3528\/revisions"}],"predecessor-version":[{"id":4769,"href":"https:\/\/sydo.fr\/sydologie\/wp-json\/wp\/v2\/posts\/3528\/revisions\/4769"}],"wp:featuredmedia":[{"embeddable":true,"href":"https:\/\/sydo.fr\/sydologie\/wp-json\/wp\/v2\/media\/3529"}],"wp:attachment":[{"href":"https:\/\/sydo.fr\/sydologie\/wp-json\/wp\/v2\/media?parent=3528"}],"wp:term":[{"taxonomy":"category","embeddable":true,"href":"https:\/\/sydo.fr\/sydologie\/wp-json\/wp\/v2\/categories?post=3528"},{"taxonomy":"post_tag","embeddable":true,"href":"https:\/\/sydo.fr\/sydologie\/wp-json\/wp\/v2\/tags?post=3528"}],"curies":[{"name":"wp","href":"https:\/\/api.w.org\/{rel}","templated":true}]}}